{"id":6654,"date":"2026-04-28T19:40:28","date_gmt":"2026-04-28T19:40:28","guid":{"rendered":"https:\/\/www.sch-ar-f.ch\/?p=6654"},"modified":"2026-04-28T19:56:57","modified_gmt":"2026-04-28T19:56:57","slug":"gaserei-geschichte-bau-und-erbe","status":"publish","type":"post","link":"https:\/\/www.sch-ar-f.ch\/?p=6654","title":{"rendered":"\u00abGaserei\u00bb Geschichte, Bau und Erbe"},"content":{"rendered":"\n<p><strong>Co-Veranstaltung zu Gast in der Ausstellung von Timo Bauer:\u00a0<br>\u00abZwischenlandschaften Extraktion und Schichtung\u00bb<\/strong><\/p>\n\n\n\n<p><strong>Einladung zum Sommerpodium im k\u00fchlen Kontext des Schaffhauser M\u00fchlentals <br>Mittwoch, 17. Juni 2026, 17.30 \u2013 19.00 Uhr<br><a href=\"https:\/\/www.google.ch\/maps\/place\/M%C3%BChlentalstrasse+215,+8200+Schaffhausen\/@47.7094213,8.6283002,544m\/data=!3m1!1e3!4m6!3m5!1s0x47907f7093cf0b85:0xacb52f3e3b4286ff!8m2!3d47.7094177!4d8.6308751!16s%2Fg%2F11kq09zqf8?entry=ttu&amp;g_ep=EgoyMDI2MDQyMi4wIKXMDSoASAFQAw%3D%3D\" target=\"_blank\" rel=\"noreferrer noopener\">Ehemalige Gaserei M\u00fchlentalstrasse 215<\/a>, 8200 Schaffhausen<\/strong><\/p>\n\n\n\n<p><strong>&nbsp;SCHARF \u2013 Podium: \u00abGaserei\u00bb Geschichte, Bau und Erbe<\/strong><\/p>\n\n\n\n<p><strong>Begr\u00fcssung\/Moderation: <\/strong>Christian W\u00e4ckerlin, Pr\u00e4sident SCHARF<br><strong>Inputreferat: <\/strong>Lukas Wallimann, Denkmalpfleger Schaffhausen&nbsp;<br><strong>Podium: <\/strong>Flurina Pescatore, Kant. Denkmalpflegerin Schaffhausen&nbsp;<br>und Timo Bauer, Architekt MSc ETH, Z\u00fcrich<strong> &nbsp;<\/strong><\/p>\n\n\n\n<p>Die Interessierten einer zuk\u00fcnftigen Transformation im Schaffhauser M\u00fchlental sind gespannt, wie sich dieses Gebiet im bereits besiedelten Kontext der ehemaligen Stahlgiesserei weiter entwickeln wird. Nach der 2025 erfolgreich abgeschlossenen Testplanung, die auf den Grundst\u00fccken verschiedene Handlungsfelder veranschaulichte, l\u00e4sst sich gut nachvollziehen, was von der \u00fcberlieferten Industrie-kulturellen Bausubstanz in Zukunft als Zeitzeugen mittransformiert werden k\u00f6nnte.&nbsp;<\/p>\n\n\n\n<p>Die ehemalige Gaserei ist sicher eines der einpr\u00e4gsamsten Geb\u00e4ude im felsigen Tal, nicht zuletzt dank des kathedralartigen Innenraumes der fr\u00fcheren Heizzentrale der Georg Fischer \u2013 nun leer \u2013 auch ein eindr\u00fcckliches Innen-Raumerlebnis, das noch wenige bekannt ist.&nbsp;<\/p>\n\n\n\n<p>Timo Bauer, der junge Schaffhauser Architekt, nutzt das Gastrecht durch die Ausstellung seiner grossformatigen Skizzen. <a href=\"https:\/\/www.sch-ar-f.ch\/wp-content\/uploads\/2026\/04\/20260407_ESS_flyer-digital.pdf\" target=\"_blank\" rel=\"noreferrer noopener\">\u2192 sehen Sie dazu die separate Einladung zur Vernissage<\/a><\/p>\n\n\n\n<p>In dieser Rauminstallation ist es uns gelungen, am 17. Juni ein fachkompetentes Podium zum Thema der geschichtlichen Geb\u00e4ude-Analyse der Schaffhauser Denkmalpflege zu organisieren.&nbsp;<\/p>\n\n\n\n<p>Wir hoffen auf ihr ortsbezogenes Interesse und freuen uns auf eine volle \u201eKathedrale\u201c.&nbsp;<\/p>\n\n\n\n<p>Bitte kommen Sie zu Fuss oder mit dem \u00d6V. Ansonsten benutzen sie das Parkhaus der \u00dcberbauung Stahlgiesserei. Der Zugang ist beschildert.<\/p>\n\n\n\n<figure class=\"wp-block-image size-full is-resized\"><a href=\"https:\/\/www.sch-ar-f.ch\/wp-content\/uploads\/2026\/04\/20260617_ok_entw_einlad_gaserei.pdf\" target=\"_blank\" rel=\" noreferrer noopener\"><img loading=\"lazy\" decoding=\"async\" width=\"2560\" height=\"1299\" src=\"https:\/\/www.sch-ar-f.ch\/wp-content\/uploads\/2026\/04\/20260617_ok_entw_einlad_gaserei-scaled.png\" alt=\"\" class=\"wp-image-6657\" style=\"width:800px\" srcset=\"https:\/\/www.sch-ar-f.ch\/wp-content\/uploads\/2026\/04\/20260617_ok_entw_einlad_gaserei-scaled.png 2560w, https:\/\/www.sch-ar-f.ch\/wp-content\/uploads\/2026\/04\/20260617_ok_entw_einlad_gaserei-620x315.png 620w, https:\/\/www.sch-ar-f.ch\/wp-content\/uploads\/2026\/04\/20260617_ok_entw_einlad_gaserei-1024x519.png 1024w, https:\/\/www.sch-ar-f.ch\/wp-content\/uploads\/2026\/04\/20260617_ok_entw_einlad_gaserei-300x152.png 300w, https:\/\/www.sch-ar-f.ch\/wp-content\/uploads\/2026\/04\/20260617_ok_entw_einlad_gaserei-768x390.png 768w, https:\/\/www.sch-ar-f.ch\/wp-content\/uploads\/2026\/04\/20260617_ok_entw_einlad_gaserei-1536x779.png 1536w, https:\/\/www.sch-ar-f.ch\/wp-content\/uploads\/2026\/04\/20260617_ok_entw_einlad_gaserei-2048x1039.png 2048w, https:\/\/www.sch-ar-f.ch\/wp-content\/uploads\/2026\/04\/20260617_ok_entw_einlad_gaserei-1000x507.png 1000w, https:\/\/www.sch-ar-f.ch\/wp-content\/uploads\/2026\/04\/20260617_ok_entw_einlad_gaserei-230x117.png 230w, https:\/\/www.sch-ar-f.ch\/wp-content\/uploads\/2026\/04\/20260617_ok_entw_einlad_gaserei-350x178.png 350w, https:\/\/www.sch-ar-f.ch\/wp-content\/uploads\/2026\/04\/20260617_ok_entw_einlad_gaserei-480x243.png 480w\" sizes=\"auto, (max-width: 2560px) 100vw, 2560px\" \/><\/a><\/figure>\n\n\n\n<figure class=\"wp-block-image size-full is-resized\"><a href=\"https:\/\/www.sch-ar-f.ch\/wp-content\/uploads\/2026\/04\/20260407_ESS_flyer-digital.pdf\" target=\"_blank\" rel=\" noreferrer noopener\"><img loading=\"lazy\" decoding=\"async\" width=\"1218\" height=\"1726\" src=\"https:\/\/www.sch-ar-f.ch\/wp-content\/uploads\/2026\/04\/20260407_ESS_flyer-digital.png\" alt=\"\" class=\"wp-image-6658\" style=\"width:500px\" srcset=\"https:\/\/www.sch-ar-f.ch\/wp-content\/uploads\/2026\/04\/20260407_ESS_flyer-digital.png 1218w, https:\/\/www.sch-ar-f.ch\/wp-content\/uploads\/2026\/04\/20260407_ESS_flyer-digital-620x879.png 620w, https:\/\/www.sch-ar-f.ch\/wp-content\/uploads\/2026\/04\/20260407_ESS_flyer-digital-1024x1451.png 1024w, https:\/\/www.sch-ar-f.ch\/wp-content\/uploads\/2026\/04\/20260407_ESS_flyer-digital-300x425.png 300w, https:\/\/www.sch-ar-f.ch\/wp-content\/uploads\/2026\/04\/20260407_ESS_flyer-digital-768x1088.png 768w, https:\/\/www.sch-ar-f.ch\/wp-content\/uploads\/2026\/04\/20260407_ESS_flyer-digital-1084x1536.png 1084w, https:\/\/www.sch-ar-f.ch\/wp-content\/uploads\/2026\/04\/20260407_ESS_flyer-digital-1000x1417.png 1000w, https:\/\/www.sch-ar-f.ch\/wp-content\/uploads\/2026\/04\/20260407_ESS_flyer-digital-230x326.png 230w, https:\/\/www.sch-ar-f.ch\/wp-content\/uploads\/2026\/04\/20260407_ESS_flyer-digital-350x496.png 350w, https:\/\/www.sch-ar-f.ch\/wp-content\/uploads\/2026\/04\/20260407_ESS_flyer-digital-480x680.png 480w\" sizes=\"auto, (max-width: 1218px) 100vw, 1218px\" \/><\/a><\/figure>\n\n\n\n<p><a href=\"https:\/\/timobauer.ch\/\" target=\"_blank\" rel=\"noreferrer noopener\">www.timobauer.ch<\/a><\/p>\n","protected":false},"excerpt":{"rendered":"<p>Die Interessierten einer zuk\u00fcnftigen Transformation im Schaffhauser M\u00fchlental sind gespannt, wie sich dieses Gebiet im bereits besiedelten Kontext der ehemaligen Stahlgiesserei weiter entwickeln wird. Co-Veranstaltung zu Gast in der Ausstellung von Timo Bauer.<\/p>\n","protected":false},"author":1,"featured_media":6660,"comment_status":"closed","ping_status":"closed","sticky":false,"template":"","format":"standard","meta":{"footnotes":""},"categories":[1,14],"tags":[],"class_list":["post-6654","post","type-post","status-publish","format-standard","has-post-thumbnail","hentry","category-allgemein","category-veranstaltungstipps"],"_links":{"self":[{"href":"https:\/\/www.sch-ar-f.ch\/index.php?rest_route=\/wp\/v2\/posts\/6654","targetHints":{"allow":["GET"]}}],"collection":[{"href":"https:\/\/www.sch-ar-f.ch\/index.php?rest_route=\/wp\/v2\/posts"}],"about":[{"href":"https:\/\/www.sch-ar-f.ch\/index.php?rest_route=\/wp\/v2\/types\/post"}],"author":[{"embeddable":true,"href":"https:\/\/www.sch-ar-f.ch\/index.php?rest_route=\/wp\/v2\/users\/1"}],"replies":[{"embeddable":true,"href":"https:\/\/www.sch-ar-f.ch\/index.php?rest_route=%2Fwp%2Fv2%2Fcomments&post=6654"}],"version-history":[{"count":6,"href":"https:\/\/www.sch-ar-f.ch\/index.php?rest_route=\/wp\/v2\/posts\/6654\/revisions"}],"predecessor-version":[{"id":6665,"href":"https:\/\/www.sch-ar-f.ch\/index.php?rest_route=\/wp\/v2\/posts\/6654\/revisions\/6665"}],"wp:featuredmedia":[{"embeddable":true,"href":"https:\/\/www.sch-ar-f.ch\/index.php?rest_route=\/wp\/v2\/media\/6660"}],"wp:attachment":[{"href":"https:\/\/www.sch-ar-f.ch\/index.php?rest_route=%2Fwp%2Fv2%2Fmedia&parent=6654"}],"wp:term":[{"taxonomy":"category","embeddable":true,"href":"https:\/\/www.sch-ar-f.ch\/index.php?rest_route=%2Fwp%2Fv2%2Fcategories&post=6654"},{"taxonomy":"post_tag","embeddable":true,"href":"https:\/\/www.sch-ar-f.ch\/index.php?rest_route=%2Fwp%2Fv2%2Ftags&post=6654"}],"curies":[{"name":"wp","href":"https:\/\/api.w.org\/{rel}","templated":true}]}}